{
    "id": 3,
    "date": "2025-07-15T13:38:48",
    "date_gmt": "2025-07-15T13:38:48",
    "guid": {
        "rendered": "https:\/\/beratungpflege.com\/?page_id=3"
    },
    "modified": "2025-09-08T12:13:40",
    "modified_gmt": "2025-09-08T10:13:40",
    "slug": "datenschutzerklarung",
    "status": "publish",
    "type": "page",
    "link": "https:\/\/beratungpflege.com\/sr\/datenschutzerklarung\/",
    "title": {
        "rendered": "Pravila o privatnosti"
    },
    "content": {
        "rendered": "<p><strong>1. Odgovorna osoba<\/strong><br>Odgovorni za obradu podataka je:<br><strong>Bojan Vidakovi\u0107<\/strong> \u2013 operater web stranice <a href=\"https:\/\/beratungpflege.com\/sr\/\">www.beratungpflege.com<\/a><br>Kontakt: <a>info@beratungpflege.com<\/a><\/p>\n\n\n\n<p><strong>2. Vrste podataka koje prikupljamo:<\/strong><\/p>\n\n\n\n<ul class=\"wp-block-list\">\n<li>Ime i prezime<\/li>\n\n\n\n<li>Email adresa, broj telefona<\/li>\n\n\n\n<li>Podaci o potrebi za njegom (npr. Pflegegrad)<\/li>\n<\/ul>\n\n\n\n<p><strong>3. Svrha obrade podataka:<\/strong><\/p>\n\n\n\n<ul class=\"wp-block-list\">\n<li>Organizacija savjetovanja<\/li>\n\n\n\n<li>Posredovanje u pronala\u017eenju njegovatelja<\/li>\n\n\n\n<li>Komunikacija i dogovaranje termina<\/li>\n<\/ul>\n\n\n\n<p><strong>4. Pravni osnov:<\/strong><br>Obrada se vr\u0161i <strong>na osnovu pristanka korisnika<\/strong>, u skladu s GDPR regulativom (\u010dlan 6, stav 1, ta\u010dka a).<\/p>\n\n\n\n<p><strong>5. Dijeljenje s tre\u0107im stranama:<\/strong><br>Va\u0161i podaci se dijele isklju\u010divo sa partnerima (njegovateljima i agencijama), i to <strong>samo uz va\u0161u izri\u010ditu saglasnost<\/strong>.<\/p>\n\n\n\n<p><strong>6. Pohrana i sigurnost:<\/strong><br>Podaci se pohranjuju na za\u0161ti\u0107enim serverima unutar EU i dostupni su samo ovla\u0161tenim osobama.<\/p>\n\n\n\n<p><strong>7. Prava korisnika:<\/strong><\/p>\n\n\n\n<ul class=\"wp-block-list\">\n<li>Pravo na pristup podacima<\/li>\n\n\n\n<li>Ispravka ili brisanje podataka<\/li>\n\n\n\n<li>Ograni\u010denje obrade i prigovor<\/li>\n\n\n\n<li>Prijenos podataka (portabilnost)<\/li>\n<\/ul>\n\n\n\n<p><strong>8. Kola\u010di\u0107i:<\/strong><br>Stranica koristi kola\u010di\u0107e za osnovne funkcije i, po potrebi, analitiku (npr. Google Analytics). Kori\u0161tenje kola\u010di\u0107a mo\u017eete podesiti u svom pretra\u017eiva\u010du.<\/p>\n\n\n\n<p><strong>9. Kontakt za za\u0161titu podataka:<\/strong><br>Email: <a>info@beratungpflege.com<\/a><\/p>",
        "protected": false
    },
    "excerpt": {
        "rendered": "<p>1. Odgovorna osobaOdgovorni za obradu podataka je:Bojan Vidakovi\u0107 \u2013 operater web stranice www.beratungpflege.comKontakt: info@beratungpflege.com 2. Vrste podataka koje prikupljamo: 3. Svrha obrade podataka: 4. Pravni osnov:Obrada se vr\u0161i na osnovu pristanka korisnika, u skladu s GDPR regulativom (\u010dlan 6, stav 1, ta\u010dka a). 5. Dijeljenje s tre\u0107im stranama:Va\u0161i podaci se dijele isklju\u010divo sa partnerima (njegovateljima [&hellip;]<\/p>",
        "protected": false
    },
    "author": 1,
    "featured_media": 0,
    "parent": 0,
    "menu_order": 0,
    "comment_status": "closed",
    "ping_status": "open",
    "template": "",
    "meta": {
        "_acf_changed": false,
        "footnotes": ""
    },
    "class_list": [
        "post-3",
        "page",
        "type-page",
        "status-publish",
        "hentry"
    ],
    "acf": [],
    "_links": {
        "self": [
            {
                "href": "https:\/\/beratungpflege.com\/sr\/wp-json\/wp\/v2\/pages\/3",
                "targetHints": {
                    "allow": [
                        "GET"
                    ]
                }
            }
        ],
        "collection": [
            {
                "href": "https:\/\/beratungpflege.com\/sr\/wp-json\/wp\/v2\/pages"
            }
        ],
        "about": [
            {
                "href": "https:\/\/beratungpflege.com\/sr\/wp-json\/wp\/v2\/types\/page"
            }
        ],
        "author": [
            {
                "embeddable": true,
                "href": "https:\/\/beratungpflege.com\/sr\/wp-json\/wp\/v2\/users\/1"
            }
        ],
        "replies": [
            {
                "embeddable": true,
                "href": "https:\/\/beratungpflege.com\/sr\/wp-json\/wp\/v2\/comments?post=3"
            }
        ],
        "version-history": [
            {
                "count": 5,
                "href": "https:\/\/beratungpflege.com\/sr\/wp-json\/wp\/v2\/pages\/3\/revisions"
            }
        ],
        "predecessor-version": [
            {
                "id": 340,
                "href": "https:\/\/beratungpflege.com\/sr\/wp-json\/wp\/v2\/pages\/3\/revisions\/340"
            }
        ],
        "wp:attachment": [
            {
                "href": "https:\/\/beratungpflege.com\/sr\/wp-json\/wp\/v2\/media?parent=3"
            }
        ],
        "curies": [
            {
                "name": "wp",
                "href": "https:\/\/api.w.org\/{rel}",
                "templated": true
            }
        ]
    }
}